{"id":272,"date":"2024-12-14T15:48:00","date_gmt":"2024-12-14T18:48:00","guid":{"rendered":"https:\/\/profile.ufpa.br\/?p=272"},"modified":"2024-12-14T15:48:00","modified_gmt":"2024-12-14T18:48:00","slug":"profile-sessao-dezembro-2024-3","status":"publish","type":"post","link":"https:\/\/profile.ufpa.br\/index.php\/2024\/12\/14\/profile-sessao-dezembro-2024-3\/","title":{"rendered":"PROFILE-SESS\u00c3O DEZEMBRO\/2024"},"content":{"rendered":"\n<p class=\"has-medium-font-size\"><strong><strong>COMUNICADO<\/strong><\/strong><\/p>\n\n\n\n<p>Comunicamos que, em virtude das fortes chuvas ocorridas esta semana em Bel\u00e9m, o local de realiza\u00e7\u00e3o das provas do PROFILE, previamente definido pela coordena\u00e7\u00e3o do processo, precisou ser alterado, uma vez que n\u00e3o oferece, no momento, as condi\u00e7\u00f5es necess\u00e1rias para que tudo ocorra de forma segura. Assim, sendo, a prova deixar\u00e1 de ser realizada no audit\u00f3rio do Centro de Eventos Benedito Nunes e <strong>passar\u00e1 a ser realizada no Audit\u00f3rio Jos\u00e9 Vicente Miranda Filho, localizado no t\u00e9rreo do pr\u00e9dio do Instituto de Ci\u00eancias Jur\u00eddicas (ICJ), <\/strong>com acesso pelo port\u00e3o 3 da UFPA.<\/p>\n\n\n\n<p>Comunicamos, ainda, que a coordena\u00e7\u00e3o estar\u00e1 dando todo o apoio necess\u00e1rio para que tudo ocorra de forma tranquila e que todos possam realizar sua prova com seguran\u00e7a e serenidade para um bom resultado.<\/p>\n\n\n\n<p>Endere\u00e7o do <strong>Audit\u00f3rio <\/strong><strong>Jos\u00e9 Vicente Miranda Filho (ICJ\/UFPA)<\/strong><\/p>\n\n\n\n<p>Cidade Universit\u00e1ria Prof. Jos\u00e9 da Silveira Neto; Rua Augusto Correa n\u00ba 1, Bairro: Guam\u00e1; CEP: 66075-110; Bel\u00e9m-PA.<\/p>\n\n\n\n<p><\/p>\n\n\n\n<p>Bel\u00e9m\/PA, 14 de dezembro de 2024.<\/p>\n\n\n\n<p>Profa. Dra. Cristina Vasconcelos Porto<\/p>\n\n\n\n<p>Coordenadora do PROFILE<\/p>\n","protected":false},"excerpt":{"rendered":"<p>COMUNICADO Comunicamos que, em virtude das fortes chuvas ocorridas esta semana em Bel\u00e9m, o local de realiza\u00e7\u00e3o das provas do PROFILE, previamente definido pela coordena\u00e7\u00e3o do processo, precisou ser alterado, uma vez que n\u00e3o oferece, no momento, as condi\u00e7\u00f5es necess\u00e1rias para que tudo ocorra de forma segura. Assim, sendo, a prova deixar\u00e1 de ser realizada [&hellip;]<\/p>\n","protected":false},"author":1,"featured_media":0,"comment_status":"open","ping_status":"open","sticky":true,"template":"","format":"standard","meta":[],"categories":[1],"tags":[],"_links":{"self":[{"href":"https:\/\/profile.ufpa.br\/index.php\/wp-json\/wp\/v2\/posts\/272"}],"collection":[{"href":"https:\/\/profile.ufpa.br\/index.php\/wp-json\/wp\/v2\/posts"}],"about":[{"href":"https:\/\/profile.ufpa.br\/index.php\/wp-json\/wp\/v2\/types\/post"}],"author":[{"embeddable":true,"href":"https:\/\/profile.ufpa.br\/index.php\/wp-json\/wp\/v2\/users\/1"}],"replies":[{"embeddable":true,"href":"https:\/\/profile.ufpa.br\/index.php\/wp-json\/wp\/v2\/comments?post=272"}],"version-history":[{"count":7,"href":"https:\/\/profile.ufpa.br\/index.php\/wp-json\/wp\/v2\/posts\/272\/revisions"}],"predecessor-version":[{"id":279,"href":"https:\/\/profile.ufpa.br\/index.php\/wp-json\/wp\/v2\/posts\/272\/revisions\/279"}],"wp:attachment":[{"href":"https:\/\/profile.ufpa.br\/index.php\/wp-json\/wp\/v2\/media?parent=272"}],"wp:term":[{"taxonomy":"category","embeddable":true,"href":"https:\/\/profile.ufpa.br\/index.php\/wp-json\/wp\/v2\/categories?post=272"},{"taxonomy":"post_tag","embeddable":true,"href":"https:\/\/profile.ufpa.br\/index.php\/wp-json\/wp\/v2\/tags?post=272"}],"curies":[{"name":"wp","href":"https:\/\/api.w.org\/{rel}","templated":true}]}}